{"id":1048,"date":"2023-05-15T10:16:41","date_gmt":"2023-05-15T10:16:41","guid":{"rendered":"https:\/\/vonpaczkowski.de\/?p=1048"},"modified":"2023-05-15T10:17:08","modified_gmt":"2023-05-15T10:17:08","slug":"offene-ateliers-2023","status":"publish","type":"post","link":"https:\/\/vonpaczkowski.de\/?p=1048","title":{"rendered":"12. Offene Ateliers 2023"},"content":{"rendered":"\n<figure class=\"wp-block-image size-large\"><img decoding=\"async\" loading=\"lazy\" width=\"550\" height=\"1024\" src=\"https:\/\/vonpaczkowski.de\/wp-content\/uploads\/2023\/05\/OAs23_Flyer_10052023-550x1024.jpg\" alt=\"\" class=\"wp-image-1041\" srcset=\"https:\/\/vonpaczkowski.de\/wp-content\/uploads\/2023\/05\/OAs23_Flyer_10052023-550x1024.jpg 550w, https:\/\/vonpaczkowski.de\/wp-content\/uploads\/2023\/05\/OAs23_Flyer_10052023-161x300.jpg 161w, https:\/\/vonpaczkowski.de\/wp-content\/uploads\/2023\/05\/OAs23_Flyer_10052023-768x1429.jpg 768w, https:\/\/vonpaczkowski.de\/wp-content\/uploads\/2023\/05\/OAs23_Flyer_10052023-825x1536.jpg 825w, https:\/\/vonpaczkowski.de\/wp-content\/uploads\/2023\/05\/OAs23_Flyer_10052023-1100x2048.jpg 1100w, https:\/\/vonpaczkowski.de\/wp-content\/uploads\/2023\/05\/OAs23_Flyer_10052023.jpg 1276w\" sizes=\"(max-width: 550px) 100vw, 550px\" \/><\/figure>\n\n\n\n<figure class=\"wp-block-image size-large\"><img decoding=\"async\" loading=\"lazy\" width=\"550\" height=\"1024\" src=\"https:\/\/vonpaczkowski.de\/wp-content\/uploads\/2023\/05\/OAs23_Flyer_100520232-550x1024.jpg\" alt=\"\" class=\"wp-image-1040\" srcset=\"https:\/\/vonpaczkowski.de\/wp-content\/uploads\/2023\/05\/OAs23_Flyer_100520232-550x1024.jpg 550w, https:\/\/vonpaczkowski.de\/wp-content\/uploads\/2023\/05\/OAs23_Flyer_100520232-161x300.jpg 161w, https:\/\/vonpaczkowski.de\/wp-content\/uploads\/2023\/05\/OAs23_Flyer_100520232-768x1429.jpg 768w, https:\/\/vonpaczkowski.de\/wp-content\/uploads\/2023\/05\/OAs23_Flyer_100520232-825x1536.jpg 825w, https:\/\/vonpaczkowski.de\/wp-content\/uploads\/2023\/05\/OAs23_Flyer_100520232-1100x2048.jpg 1100w, https:\/\/vonpaczkowski.de\/wp-content\/uploads\/2023\/05\/OAs23_Flyer_100520232.jpg 1276w\" sizes=\"(max-width: 550px) 100vw, 550px\" \/><\/figure>\n\n\n\n<p>Gestaltung eines DINLang Flyers f\u00fcr die 12. Offenen Ateliers Steglitz-Zehlendorf 2023.<\/p>\n\n\n\n<p>32 K\u00fcnstler:innen \u00f6ffnen an diesem Wochenende ihre Ateliert\u00fcren und Werkst\u00e4tten, um ihre Werke Kunstinteressierten zu zeigen und zu verkaufen.<\/p>\n","protected":false},"excerpt":{"rendered":"<p>Gestaltung eines DINLang Flyers f\u00fcr die 12. Offenen Ateliers Steglitz-Zehlendorf 2023. 32 K\u00fcnstler:innen \u00f6ffnen an diesem Wochenende ihre Ateliert\u00fcren und Werkst\u00e4tten, um ihre Werke Kunstinteressierten zu zeigen und zu verkaufen.<\/p>\n","protected":false},"author":1,"featured_media":0,"comment_status":"closed","ping_status":"closed","sticky":false,"template":"","format":"image","meta":{"footnotes":""},"categories":[13,11],"tags":[116,21,28,34,48,19,69,125],"_links":{"self":[{"href":"https:\/\/vonpaczkowski.de\/index.php?rest_route=\/wp\/v2\/posts\/1048"}],"collection":[{"href":"https:\/\/vonpaczkowski.de\/index.php?rest_route=\/wp\/v2\/posts"}],"about":[{"href":"https:\/\/vonpaczkowski.de\/index.php?rest_route=\/wp\/v2\/types\/post"}],"author":[{"embeddable":true,"href":"https:\/\/vonpaczkowski.de\/index.php?rest_route=\/wp\/v2\/users\/1"}],"replies":[{"embeddable":true,"href":"https:\/\/vonpaczkowski.de\/index.php?rest_route=%2Fwp%2Fv2%2Fcomments&post=1048"}],"version-history":[{"count":2,"href":"https:\/\/vonpaczkowski.de\/index.php?rest_route=\/wp\/v2\/posts\/1048\/revisions"}],"predecessor-version":[{"id":1050,"href":"https:\/\/vonpaczkowski.de\/index.php?rest_route=\/wp\/v2\/posts\/1048\/revisions\/1050"}],"wp:attachment":[{"href":"https:\/\/vonpaczkowski.de\/index.php?rest_route=%2Fwp%2Fv2%2Fmedia&parent=1048"}],"wp:term":[{"taxonomy":"category","embeddable":true,"href":"https:\/\/vonpaczkowski.de\/index.php?rest_route=%2Fwp%2Fv2%2Fcategories&post=1048"},{"taxonomy":"post_tag","embeddable":true,"href":"https:\/\/vonpaczkowski.de\/index.php?rest_route=%2Fwp%2Fv2%2Ftags&post=1048"}],"curies":[{"name":"wp","href":"https:\/\/api.w.org\/{rel}","templated":true}]}}