{"id":1221,"date":"2025-12-30T10:08:43","date_gmt":"2025-12-30T10:08:43","guid":{"rendered":"https:\/\/vonpaczkowski.de\/?p=1221"},"modified":"2026-03-26T16:46:02","modified_gmt":"2026-03-26T16:46:02","slug":"8-stadtteilbroschuere-friedenau","status":"publish","type":"post","link":"https:\/\/vonpaczkowski.de\/?p=1221","title":{"rendered":"8. Stadtteilbrosch\u00fcre Friedenau"},"content":{"rendered":"\n<figure class=\"wp-block-image size-full is-resized\"><img decoding=\"async\" loading=\"lazy\" width=\"875\" height=\"875\" src=\"https:\/\/vonpaczkowski.de\/wp-content\/uploads\/2025\/12\/8.-STBF_Titel_05042025.jpg\" alt=\"\" class=\"wp-image-1219\" style=\"aspect-ratio:1;width:436px;height:auto\" srcset=\"https:\/\/vonpaczkowski.de\/wp-content\/uploads\/2025\/12\/8.-STBF_Titel_05042025.jpg 875w, https:\/\/vonpaczkowski.de\/wp-content\/uploads\/2025\/12\/8.-STBF_Titel_05042025-300x300.jpg 300w, https:\/\/vonpaczkowski.de\/wp-content\/uploads\/2025\/12\/8.-STBF_Titel_05042025-150x150.jpg 150w, https:\/\/vonpaczkowski.de\/wp-content\/uploads\/2025\/12\/8.-STBF_Titel_05042025-768x768.jpg 768w\" sizes=\"(max-width: 875px) 100vw, 875px\" \/><\/figure>\n\n\n\n<p><strong>8. Stadtteilbrosch\u00fcre Friedenau &amp; R\u00fcdesheimer Platz<\/strong><\/p>\n\n\n\n<p><br>Hier&nbsp;pr\u00e4sentieren sich Gewerbetreibende und Einrichtungen aus Friedenau und aus der Umgebung R\u00fcdesheimer Platz. Auf einer Seite oder auf einer Doppelseite stellen sich die Teilnehmer:innen mit ihrem Produkt oder einem Bild von ihrem Gewerbe sowie mit einem pers\u00f6nlichen Foto, einem Gewerbetext, ihrem Logo und den wichtigsten Kontaktdaten vor.<\/p>\n\n\n\n<p>Am Anfang der Brosch\u00fcre gibt es ein Inhaltsverzeichnis und ein Kartenausschnitt von der Umgebung, der den Standort der Teilnehmer:innen markiert. Danach folgt auf einer Doppelseite ein redaktioneller Teil \u00fcber Friedenau.<\/p>\n\n\n\n<p>Die Brosch\u00fcre ist in einem quadratischen Format angelegt und erscheint 1x j\u00e4hrlich im Herbst.<\/p>\n\n\n\n<p>Der Fokus der Brosch\u00fcre liegt auf das regionale Kaufen im eigenen Kiez.<\/p>\n","protected":false},"excerpt":{"rendered":"<p>8. Stadtteilbrosch\u00fcre Friedenau &amp; R\u00fcdesheimer Platz Hier&nbsp;pr\u00e4sentieren sich Gewerbetreibende und Einrichtungen aus Friedenau und aus der Umgebung R\u00fcdesheimer Platz. Auf einer Seite oder auf einer Doppelseite stellen sich die Teilnehmer:innen mit ihrem Produkt oder einem Bild von ihrem Gewerbe sowie mit einem pers\u00f6nlichen Foto, einem Gewerbetext, ihrem Logo und den wichtigsten Kontaktdaten vor. Am Anfang [&hellip;]<\/p>\n","protected":false},"author":1,"featured_media":0,"comment_status":"closed","ping_status":"closed","sticky":false,"template":"","format":"image","meta":{"footnotes":""},"categories":[1],"tags":[],"_links":{"self":[{"href":"https:\/\/vonpaczkowski.de\/index.php?rest_route=\/wp\/v2\/posts\/1221"}],"collection":[{"href":"https:\/\/vonpaczkowski.de\/index.php?rest_route=\/wp\/v2\/posts"}],"about":[{"href":"https:\/\/vonpaczkowski.de\/index.php?rest_route=\/wp\/v2\/types\/post"}],"author":[{"embeddable":true,"href":"https:\/\/vonpaczkowski.de\/index.php?rest_route=\/wp\/v2\/users\/1"}],"replies":[{"embeddable":true,"href":"https:\/\/vonpaczkowski.de\/index.php?rest_route=%2Fwp%2Fv2%2Fcomments&post=1221"}],"version-history":[{"count":1,"href":"https:\/\/vonpaczkowski.de\/index.php?rest_route=\/wp\/v2\/posts\/1221\/revisions"}],"predecessor-version":[{"id":1222,"href":"https:\/\/vonpaczkowski.de\/index.php?rest_route=\/wp\/v2\/posts\/1221\/revisions\/1222"}],"wp:attachment":[{"href":"https:\/\/vonpaczkowski.de\/index.php?rest_route=%2Fwp%2Fv2%2Fmedia&parent=1221"}],"wp:term":[{"taxonomy":"category","embeddable":true,"href":"https:\/\/vonpaczkowski.de\/index.php?rest_route=%2Fwp%2Fv2%2Fcategories&post=1221"},{"taxonomy":"post_tag","embeddable":true,"href":"https:\/\/vonpaczkowski.de\/index.php?rest_route=%2Fwp%2Fv2%2Ftags&post=1221"}],"curies":[{"name":"wp","href":"https:\/\/api.w.org\/{rel}","templated":true}]}}