{"id":532,"date":"2020-01-02T17:41:30","date_gmt":"2020-01-02T17:41:30","guid":{"rendered":"https:\/\/vonpaczkowski.de\/?p=532"},"modified":"2023-03-23T09:57:12","modified_gmt":"2023-03-23T09:57:12","slug":"gesundheitsmesse-4","status":"publish","type":"post","link":"https:\/\/vonpaczkowski.de\/?p=532","title":{"rendered":"Gesundheitsmesse"},"content":{"rendered":"\n<figure class=\"wp-block-image size-large is-style-default\"><img decoding=\"async\" src=\"https:\/\/vonpaczkowski.de\/wp-content\/uploads\/2019\/12\/GM-Brosch\u00fcre_Titel_161019.jpg\" alt=\"\" class=\"wp-image-115\"\/><\/figure>\n\n\n\n<p>Seit 2015 Planung, Ausf\u00fchrung und Gestaltung der&nbsp;<strong>Gesundheitsmesse<\/strong> in&nbsp;Berlin-Zehlendorf. Die Messe findet j\u00e4hrlich, immer im Fr\u00fchjahr statt.<\/p>\n\n\n\n<p>Die\u00a05. Gesundheitsmesse\u00a0sollte am Sa., den 14. M\u00e4rz 2020 von 10 \u2013 17 Uhr bei freiem Eintritt\u00a0\u00a0im B\u00fcrgersaal Zehlendorf, Teltower Damm 18 stattfinden &#8211; Coronabedingt musste sie kurzfristig abgesagt werden.<br><br>Auf den Messen stellen sich Fachleute und Spezialanbieter:innen mit themenspezifischen Vortr\u00e4gen, umfangreichen Beratungen, individuellen Therapieangeboten, optimale Behandlungen und Gesundheitschecks zu den jeweiligen Fachgebieten vor und informierten \u00fcber ihre weiteren Dienstleistungen.<br>Ziel ist es,\u00a0einen pers\u00f6nlichen Kontakt herzustellen und die besonderen Angebote der jeweiligen Einrichtungen kennen zu lernen.<br><br>Passend dazu gib es auch f\u00fcr 2020 eine\u00a0Gesundheitsbrosch\u00fcre\u00a0im handlichen DIN A6-Format, in der sich Einrichtungen aus dem Gesundheitsbereich aus Zehlendorf und Umgebung vorstellten.<br><br>Mehr zur 5. Gesundheitsmesse:\u00a0<a href=\"http:\/\/zehlendorf-guide.de\/gesundheit-2020\/\">zehlendorf-guide.de\/gesundheit-2020\/<\/a><\/p>\n\n\n\n<p>Zur Brosch\u00fcre 2020:&nbsp; <a href=\"http:\/\/zehlendorf-guide.de\/gesundheit-2020\/broschuere\/\">zehlendorf-guide.de\/gesundheit-2020\/broschuere\/<\/a> <\/p>\n\n\n\n<p>Einen \u00dcberblick \u00fcber die letzten Gesundheitsmessen erhalten Sie hier:&nbsp;<a rel=\"noreferrer noopener\" href=\"http:\/\/zehlendorf-guide.de\/gesundheit-2018\/\" target=\"_blank\">zehlendorf-guide.de<\/a><\/p>\n","protected":false},"excerpt":{"rendered":"<p>Seit 2015 Planung, Ausf\u00fchrung und Gestaltung der&nbsp;Gesundheitsmesse in&nbsp;Berlin-Zehlendorf. Die Messe findet j\u00e4hrlich, immer im Fr\u00fchjahr statt. Die\u00a05. Gesundheitsmesse\u00a0sollte am Sa., den 14. M\u00e4rz 2020 von 10 \u2013 17 Uhr bei freiem Eintritt\u00a0\u00a0im B\u00fcrgersaal Zehlendorf, Teltower Damm 18 stattfinden &#8211; Coronabedingt musste sie kurzfristig abgesagt werden. Auf den Messen stellen sich Fachleute und Spezialanbieter:innen mit themenspezifischen [&hellip;]<\/p>\n","protected":false},"author":1,"featured_media":0,"comment_status":"closed","ping_status":"closed","sticky":false,"template":"","format":"image","meta":{"footnotes":""},"categories":[13,15,14,11,12],"tags":[31,21,26,28,6,34,27,25,19,18,29,30,33,23,24,37,32,5,22,20,16,50],"_links":{"self":[{"href":"https:\/\/vonpaczkowski.de\/index.php?rest_route=\/wp\/v2\/posts\/532"}],"collection":[{"href":"https:\/\/vonpaczkowski.de\/index.php?rest_route=\/wp\/v2\/posts"}],"about":[{"href":"https:\/\/vonpaczkowski.de\/index.php?rest_route=\/wp\/v2\/types\/post"}],"author":[{"embeddable":true,"href":"https:\/\/vonpaczkowski.de\/index.php?rest_route=\/wp\/v2\/users\/1"}],"replies":[{"embeddable":true,"href":"https:\/\/vonpaczkowski.de\/index.php?rest_route=%2Fwp%2Fv2%2Fcomments&post=532"}],"version-history":[{"count":6,"href":"https:\/\/vonpaczkowski.de\/index.php?rest_route=\/wp\/v2\/posts\/532\/revisions"}],"predecessor-version":[{"id":1006,"href":"https:\/\/vonpaczkowski.de\/index.php?rest_route=\/wp\/v2\/posts\/532\/revisions\/1006"}],"wp:attachment":[{"href":"https:\/\/vonpaczkowski.de\/index.php?rest_route=%2Fwp%2Fv2%2Fmedia&parent=532"}],"wp:term":[{"taxonomy":"category","embeddable":true,"href":"https:\/\/vonpaczkowski.de\/index.php?rest_route=%2Fwp%2Fv2%2Fcategories&post=532"},{"taxonomy":"post_tag","embeddable":true,"href":"https:\/\/vonpaczkowski.de\/index.php?rest_route=%2Fwp%2Fv2%2Ftags&post=532"}],"curies":[{"name":"wp","href":"https:\/\/api.w.org\/{rel}","templated":true}]}}