{"id":901,"date":"2021-10-20T08:51:00","date_gmt":"2021-10-20T08:51:00","guid":{"rendered":"https:\/\/vonpaczkowski.de\/?p=901"},"modified":"2021-10-29T09:11:27","modified_gmt":"2021-10-29T09:11:27","slug":"kiddies-family-2","status":"publish","type":"post","link":"https:\/\/vonpaczkowski.de\/?p=901","title":{"rendered":"Kiddies Family"},"content":{"rendered":"\n<figure class=\"wp-block-image size-full\"><img decoding=\"async\" loading=\"lazy\" width=\"363\" height=\"207\" src=\"https:\/\/vonpaczkowski.de\/wp-content\/uploads\/2019\/12\/Logo_230614.png\" alt=\"Logo Kiddies Family\" class=\"wp-image-109\" srcset=\"https:\/\/vonpaczkowski.de\/wp-content\/uploads\/2019\/12\/Logo_230614.png 363w, https:\/\/vonpaczkowski.de\/wp-content\/uploads\/2019\/12\/Logo_230614-300x171.png 300w\" sizes=\"(max-width: 363px) 100vw, 363px\" \/><figcaption>Logo<\/figcaption><\/figure>\n\n\n\n<p><strong>Corporate Design<\/strong>&nbsp;f\u00fcr die Kita Kiddies Family<\/p>\n\n\n\n<p>Logo-Relaunch, Farbkonzept, Flyer, Visitenkarten,&nbsp;Briefpapier, Geburtstagskarten, Au\u00dfenplakate, Website, Beschilderung, Orientierungssystem, Animationsfilm, Au\u00dfengel\u00e4nder-Gestaltung u.v.m. f\u00fcr die 2-sprachige Kita Kiddies Family.<\/p>\n\n\n\n<figure class=\"wp-block-image size-full is-resized\"><img decoding=\"async\" loading=\"lazy\" src=\"https:\/\/vonpaczkowski.de\/wp-content\/uploads\/2019\/12\/Visitenkarte_Gab_Pfade_130316-1.jpg\" alt=\"\" class=\"wp-image-703\" width=\"431\" height=\"278\" srcset=\"https:\/\/vonpaczkowski.de\/wp-content\/uploads\/2019\/12\/Visitenkarte_Gab_Pfade_130316-1.jpg 1004w, https:\/\/vonpaczkowski.de\/wp-content\/uploads\/2019\/12\/Visitenkarte_Gab_Pfade_130316-1-300x194.jpg 300w, https:\/\/vonpaczkowski.de\/wp-content\/uploads\/2019\/12\/Visitenkarte_Gab_Pfade_130316-1-768x497.jpg 768w\" sizes=\"(max-width: 431px) 100vw, 431px\" \/><\/figure>\n\n\n\n<figure class=\"wp-block-image size-full is-resized\"><img decoding=\"async\" loading=\"lazy\" src=\"https:\/\/vonpaczkowski.de\/wp-content\/uploads\/2019\/12\/hom_071215.jpg\" alt=\"\" class=\"wp-image-253\" width=\"616\" height=\"399\" srcset=\"https:\/\/vonpaczkowski.de\/wp-content\/uploads\/2019\/12\/hom_071215.jpg 1005w, https:\/\/vonpaczkowski.de\/wp-content\/uploads\/2019\/12\/hom_071215-300x195.jpg 300w, https:\/\/vonpaczkowski.de\/wp-content\/uploads\/2019\/12\/hom_071215-768x499.jpg 768w\" sizes=\"(max-width: 616px) 100vw, 616px\" \/><figcaption>Website<\/figcaption><\/figure>\n\n\n\n<figure class=\"wp-block-image size-large is-resized\"><img decoding=\"async\" loading=\"lazy\" src=\"https:\/\/vonpaczkowski.de\/wp-content\/uploads\/2019\/12\/Delfin-Seel\u00f6we-Seestern-Wasserschild_210618-1-1024x1021.jpg\" alt=\"\" class=\"wp-image-307\" width=\"620\" height=\"617\" srcset=\"https:\/\/vonpaczkowski.de\/wp-content\/uploads\/2019\/12\/Delfin-Seel\u00f6we-Seestern-Wasserschild_210618-1-1024x1021.jpg 1024w, https:\/\/vonpaczkowski.de\/wp-content\/uploads\/2019\/12\/Delfin-Seel\u00f6we-Seestern-Wasserschild_210618-1-300x300.jpg 300w, https:\/\/vonpaczkowski.de\/wp-content\/uploads\/2019\/12\/Delfin-Seel\u00f6we-Seestern-Wasserschild_210618-1-150x150.jpg 150w, https:\/\/vonpaczkowski.de\/wp-content\/uploads\/2019\/12\/Delfin-Seel\u00f6we-Seestern-Wasserschild_210618-1-768x765.jpg 768w, https:\/\/vonpaczkowski.de\/wp-content\/uploads\/2019\/12\/Delfin-Seel\u00f6we-Seestern-Wasserschild_210618-1.jpg 1200w\" sizes=\"(max-width: 620px) 100vw, 620px\" \/><figcaption>Gruppenraumschilder<\/figcaption><\/figure>\n\n\n\n<figure class=\"wp-block-image size-full is-resized\"><img decoding=\"async\" loading=\"lazy\" src=\"https:\/\/vonpaczkowski.de\/wp-content\/uploads\/2019\/12\/2xSchild2-Kopie.jpg\" alt=\"\" class=\"wp-image-251\" width=\"640\" height=\"320\" srcset=\"https:\/\/vonpaczkowski.de\/wp-content\/uploads\/2019\/12\/2xSchild2-Kopie.jpg 700w, https:\/\/vonpaczkowski.de\/wp-content\/uploads\/2019\/12\/2xSchild2-Kopie-300x150.jpg 300w\" sizes=\"(max-width: 640px) 100vw, 640px\" \/><figcaption>Gruppenraumschilder<\/figcaption><\/figure>\n\n\n\n<figure class=\"wp-block-image size-full is-resized\"><img decoding=\"async\" loading=\"lazy\" src=\"https:\/\/vonpaczkowski.de\/wp-content\/uploads\/2019\/12\/2Tiere.jpg\" alt=\"\" class=\"wp-image-111\" width=\"622\" height=\"334\" srcset=\"https:\/\/vonpaczkowski.de\/wp-content\/uploads\/2019\/12\/2Tiere.jpg 1000w, https:\/\/vonpaczkowski.de\/wp-content\/uploads\/2019\/12\/2Tiere-300x161.jpg 300w, https:\/\/vonpaczkowski.de\/wp-content\/uploads\/2019\/12\/2Tiere-768x412.jpg 768w\" sizes=\"(max-width: 622px) 100vw, 622px\" \/><figcaption>Gruppenraumschilder<\/figcaption><\/figure>\n\n\n\n<figure class=\"wp-block-image size-full is-resized\"><img decoding=\"async\" loading=\"lazy\" src=\"https:\/\/vonpaczkowski.de\/wp-content\/uploads\/2019\/12\/2Schilder.jpg\" alt=\"\" class=\"wp-image-110\" width=\"622\" height=\"326\" srcset=\"https:\/\/vonpaczkowski.de\/wp-content\/uploads\/2019\/12\/2Schilder.jpg 1000w, https:\/\/vonpaczkowski.de\/wp-content\/uploads\/2019\/12\/2Schilder-300x158.jpg 300w, https:\/\/vonpaczkowski.de\/wp-content\/uploads\/2019\/12\/2Schilder-768x404.jpg 768w\" sizes=\"(max-width: 622px) 100vw, 622px\" \/><figcaption>Gruppenraumschilder<\/figcaption><\/figure>\n\n\n\n<figure class=\"wp-block-image size-full is-resized\"><img decoding=\"async\" loading=\"lazy\" src=\"https:\/\/vonpaczkowski.de\/wp-content\/uploads\/2019\/12\/RZ_Richtfest_Pfade_101014.jpg\" alt=\"\" class=\"wp-image-255\" width=\"278\" height=\"546\" srcset=\"https:\/\/vonpaczkowski.de\/wp-content\/uploads\/2019\/12\/RZ_Richtfest_Pfade_101014.jpg 412w, https:\/\/vonpaczkowski.de\/wp-content\/uploads\/2019\/12\/RZ_Richtfest_Pfade_101014-153x300.jpg 153w\" sizes=\"(max-width: 278px) 100vw, 278px\" \/><figcaption>Richtfest<\/figcaption><\/figure>\n\n\n\n<figure class=\"wp-block-image size-large is-resized\"><img decoding=\"async\" loading=\"lazy\" src=\"https:\/\/vonpaczkowski.de\/wp-content\/uploads\/2019\/12\/X-mas_Kiddies-1024x522.jpg\" alt=\"\" class=\"wp-image-282\" width=\"580\" height=\"296\" srcset=\"https:\/\/vonpaczkowski.de\/wp-content\/uploads\/2019\/12\/X-mas_Kiddies-1024x522.jpg 1024w, https:\/\/vonpaczkowski.de\/wp-content\/uploads\/2019\/12\/X-mas_Kiddies-300x153.jpg 300w, https:\/\/vonpaczkowski.de\/wp-content\/uploads\/2019\/12\/X-mas_Kiddies-768x391.jpg 768w, https:\/\/vonpaczkowski.de\/wp-content\/uploads\/2019\/12\/X-mas_Kiddies.jpg 1264w\" sizes=\"(max-width: 580px) 100vw, 580px\" \/><figcaption>Weihnachtskarte<\/figcaption><\/figure>\n\n\n\n<figure class=\"wp-block-image size-full is-resized\"><img decoding=\"async\" loading=\"lazy\" src=\"https:\/\/vonpaczkowski.de\/wp-content\/uploads\/2019\/12\/RZ_Flyer_pfade_031110.jpg\" alt=\"\" class=\"wp-image-283\" width=\"276\" height=\"542\" srcset=\"https:\/\/vonpaczkowski.de\/wp-content\/uploads\/2019\/12\/RZ_Flyer_pfade_031110.jpg 412w, https:\/\/vonpaczkowski.de\/wp-content\/uploads\/2019\/12\/RZ_Flyer_pfade_031110-153x300.jpg 153w\" sizes=\"(max-width: 276px) 100vw, 276px\" \/><figcaption>Flyer<\/figcaption><\/figure>\n\n\n\n<figure class=\"wp-block-image size-full is-resized\"><img decoding=\"async\" loading=\"lazy\" src=\"https:\/\/vonpaczkowski.de\/wp-content\/uploads\/2019\/12\/RZ_X-mas-Karte_151113.jpg\" alt=\"\" class=\"wp-image-281\" width=\"534\" height=\"272\" srcset=\"https:\/\/vonpaczkowski.de\/wp-content\/uploads\/2019\/12\/RZ_X-mas-Karte_151113.jpg 809w, https:\/\/vonpaczkowski.de\/wp-content\/uploads\/2019\/12\/RZ_X-mas-Karte_151113-300x153.jpg 300w, https:\/\/vonpaczkowski.de\/wp-content\/uploads\/2019\/12\/RZ_X-mas-Karte_151113-768x391.jpg 768w\" sizes=\"(max-width: 534px) 100vw, 534px\" \/><figcaption>Weihnachtskarte<\/figcaption><\/figure>\n\n\n\n<figure class=\"wp-block-image size-large is-resized\"><img decoding=\"async\" loading=\"lazy\" src=\"https:\/\/vonpaczkowski.de\/wp-content\/uploads\/2019\/12\/Elternabende_quer_200812-1024x724.jpg\" alt=\"\" class=\"wp-image-280\" width=\"533\" height=\"376\" srcset=\"https:\/\/vonpaczkowski.de\/wp-content\/uploads\/2019\/12\/Elternabende_quer_200812-1024x724.jpg 1024w, https:\/\/vonpaczkowski.de\/wp-content\/uploads\/2019\/12\/Elternabende_quer_200812-300x212.jpg 300w, https:\/\/vonpaczkowski.de\/wp-content\/uploads\/2019\/12\/Elternabende_quer_200812-768x543.jpg 768w, https:\/\/vonpaczkowski.de\/wp-content\/uploads\/2019\/12\/Elternabende_quer_200812.jpg 1123w\" sizes=\"(max-width: 533px) 100vw, 533px\" \/><figcaption>Einladung Elternabned<\/figcaption><\/figure>\n\n\n\n<p><\/p>\n","protected":false},"excerpt":{"rendered":"<p>Corporate Design&nbsp;f\u00fcr die Kita Kiddies Family Logo-Relaunch, Farbkonzept, Flyer, Visitenkarten,&nbsp;Briefpapier, Geburtstagskarten, Au\u00dfenplakate, Website, Beschilderung, Orientierungssystem, Animationsfilm, Au\u00dfengel\u00e4nder-Gestaltung u.v.m. f\u00fcr die 2-sprachige Kita Kiddies Family.<\/p>\n","protected":false},"author":1,"featured_media":109,"comment_status":"closed","ping_status":"closed","sticky":false,"template":"","format":"image","meta":{"footnotes":""},"categories":[13,11,12],"tags":[21,94,93,26,92,28,34,39,87,48,91,19,65,8,5,49,16,90],"_links":{"self":[{"href":"https:\/\/vonpaczkowski.de\/index.php?rest_route=\/wp\/v2\/posts\/901"}],"collection":[{"href":"https:\/\/vonpaczkowski.de\/index.php?rest_route=\/wp\/v2\/posts"}],"about":[{"href":"https:\/\/vonpaczkowski.de\/index.php?rest_route=\/wp\/v2\/types\/post"}],"author":[{"embeddable":true,"href":"https:\/\/vonpaczkowski.de\/index.php?rest_route=\/wp\/v2\/users\/1"}],"replies":[{"embeddable":true,"href":"https:\/\/vonpaczkowski.de\/index.php?rest_route=%2Fwp%2Fv2%2Fcomments&post=901"}],"version-history":[{"count":3,"href":"https:\/\/vonpaczkowski.de\/index.php?rest_route=\/wp\/v2\/posts\/901\/revisions"}],"predecessor-version":[{"id":910,"href":"https:\/\/vonpaczkowski.de\/index.php?rest_route=\/wp\/v2\/posts\/901\/revisions\/910"}],"wp:featuredmedia":[{"embeddable":true,"href":"https:\/\/vonpaczkowski.de\/index.php?rest_route=\/wp\/v2\/media\/109"}],"wp:attachment":[{"href":"https:\/\/vonpaczkowski.de\/index.php?rest_route=%2Fwp%2Fv2%2Fmedia&parent=901"}],"wp:term":[{"taxonomy":"category","embeddable":true,"href":"https:\/\/vonpaczkowski.de\/index.php?rest_route=%2Fwp%2Fv2%2Fcategories&post=901"},{"taxonomy":"post_tag","embeddable":true,"href":"https:\/\/vonpaczkowski.de\/index.php?rest_route=%2Fwp%2Fv2%2Ftags&post=901"}],"curies":[{"name":"wp","href":"https:\/\/api.w.org\/{rel}","templated":true}]}}